{"id":781,"date":"2019-02-25T22:51:44","date_gmt":"2019-02-25T21:51:44","guid":{"rendered":"https:\/\/griffonotes.com\/?p=781"},"modified":"2019-03-24T13:14:15","modified_gmt":"2019-03-24T12:14:15","slug":"transition-pedagogique","status":"publish","type":"post","link":"https:\/\/griffonotes.com\/index.php\/2019\/02\/25\/transition-pedagogique\/","title":{"rendered":"Transition P\u00e9dagogique"},"content":{"rendered":"<p class=\"jetpack-slideshow-noscript robots-nocontent\">Ce diaporama n\u00e9cessite JavaScript.<\/p><div id=\"gallery-781-1-slideshow\" class=\"slideshow-window jetpack-slideshow slideshow-black\" data-trans=\"fade\" data-autostart=\"1\" data-gallery=\"[{&quot;src&quot;:&quot;https:\\\/\\\/i0.wp.com\\\/griffonotes.com\\\/wp-content\\\/uploads\\\/2019\\\/02\\\/IMG_20190214_100009.jpg?fit=3333%2C4365\\u0026ssl=1&quot;,&quot;id&quot;:&quot;790&quot;,&quot;title&quot;:&quot;IMG_20190214_100009&quot;,&quot;alt&quot;:&quot;&quot;,&quot;caption&quot;:&quot;&quot;,&quot;itemprop&quot;:&quot;image&quot;},{&quot;src&quot;:&quot;https:\\\/\\\/i0.wp.com\\\/griffonotes.com\\\/wp-content\\\/uploads\\\/2019\\\/02\\\/IMG_20190215_200434.jpg?fit=4608%2C3456\\u0026ssl=1&quot;,&quot;id&quot;:&quot;789&quot;,&quot;title&quot;:&quot;IMG_20190215_200434&quot;,&quot;alt&quot;:&quot;&quot;,&quot;caption&quot;:&quot;&quot;,&quot;itemprop&quot;:&quot;image&quot;},{&quot;src&quot;:&quot;https:\\\/\\\/i2.wp.com\\\/griffonotes.com\\\/wp-content\\\/uploads\\\/2019\\\/02\\\/IMG_20190222_183906.jpg?fit=4608%2C3456\\u0026ssl=1&quot;,&quot;id&quot;:&quot;788&quot;,&quot;title&quot;:&quot;IMG_20190222_183906&quot;,&quot;alt&quot;:&quot;&quot;,&quot;caption&quot;:&quot;&quot;,&quot;itemprop&quot;:&quot;image&quot;},{&quot;src&quot;:&quot;https:\\\/\\\/i2.wp.com\\\/griffonotes.com\\\/wp-content\\\/uploads\\\/2019\\\/02\\\/IMG_20190225_133528.jpg?fit=3456%2C4608\\u0026ssl=1&quot;,&quot;id&quot;:&quot;787&quot;,&quot;title&quot;:&quot;IMG_20190225_133528&quot;,&quot;alt&quot;:&quot;&quot;,&quot;caption&quot;:&quot;&quot;,&quot;itemprop&quot;:&quot;image&quot;},{&quot;src&quot;:&quot;https:\\\/\\\/i1.wp.com\\\/griffonotes.com\\\/wp-content\\\/uploads\\\/2019\\\/02\\\/IMG_20190225_133606.jpg?fit=3456%2C4608\\u0026ssl=1&quot;,&quot;id&quot;:&quot;786&quot;,&quot;title&quot;:&quot;IMG_20190225_133606&quot;,&quot;alt&quot;:&quot;&quot;,&quot;caption&quot;:&quot;&quot;,&quot;itemprop&quot;:&quot;image&quot;},{&quot;src&quot;:&quot;https:\\\/\\\/i0.wp.com\\\/griffonotes.com\\\/wp-content\\\/uploads\\\/2019\\\/02\\\/IMG_20190225_133643.jpg?fit=4608%2C2248\\u0026ssl=1&quot;,&quot;id&quot;:&quot;785&quot;,&quot;title&quot;:&quot;IMG_20190225_133643&quot;,&quot;alt&quot;:&quot;&quot;,&quot;caption&quot;:&quot;&quot;,&quot;itemprop&quot;:&quot;image&quot;},{&quot;src&quot;:&quot;https:\\\/\\\/i2.wp.com\\\/griffonotes.com\\\/wp-content\\\/uploads\\\/2019\\\/02\\\/IMG_20190225_161031.jpg?fit=4608%2C3456\\u0026ssl=1&quot;,&quot;id&quot;:&quot;784&quot;,&quot;title&quot;:&quot;IMG_20190225_161031&quot;,&quot;alt&quot;:&quot;&quot;,&quot;caption&quot;:&quot;&quot;,&quot;itemprop&quot;:&quot;image&quot;},{&quot;src&quot;:&quot;https:\\\/\\\/i0.wp.com\\\/griffonotes.com\\\/wp-content\\\/uploads\\\/2019\\\/02\\\/IMG_20190225_161103.jpg?fit=4608%2C3456\\u0026ssl=1&quot;,&quot;id&quot;:&quot;783&quot;,&quot;title&quot;:&quot;IMG_20190225_161103&quot;,&quot;alt&quot;:&quot;&quot;,&quot;caption&quot;:&quot;&quot;,&quot;itemprop&quot;:&quot;image&quot;},{&quot;src&quot;:&quot;https:\\\/\\\/i1.wp.com\\\/griffonotes.com\\\/wp-content\\\/uploads\\\/2019\\\/02\\\/IMG_20190225_163004.jpg?fit=4608%2C3456\\u0026ssl=1&quot;,&quot;id&quot;:&quot;782&quot;,&quot;title&quot;:&quot;IMG_20190225_163004&quot;,&quot;alt&quot;:&quot;&quot;,&quot;caption&quot;:&quot;&quot;,&quot;itemprop&quot;:&quot;image&quot;}]\" itemscope itemtype=\"https:\/\/schema.org\/ImageGallery\"><\/div>\n<p>J&rsquo;ai profit\u00e9 des vacances de f\u00e9vrier, d\u00e9cal\u00e9es selon par zones, pour faire du \u00ab\u00a0tourisme p\u00e9dagogique\u00a0\u00bb.<\/p>\n<p>C&rsquo;est ainsi qu&rsquo;apr\u00e8s avoir \u00e9cout\u00e9 <a href=\"https:\/\/pedagogieagile.com\/\">Christian Den Hartigh<\/a> pr\u00e9senter son fonctionnement de classe, lors de journ\u00e9es Agiles, j&rsquo;ai pu voir sa ruche fonctionner. Ce fut une riche matin\u00e9e pendant laquelle j&rsquo;ai vu des coll\u00e9giens travailler, coop\u00e9rer dans le calme et avec plaisir. Wouaaaaouuuuu !<br \/>\nEn voyant en action, ce que j&rsquo;avais entendu en conf\u00e9rence, lu sur son blog, tout s&rsquo;est mis en place dans ma t\u00eate, pour adapter \u00e0 mes \u00e9l\u00e8ves d&rsquo;\u00e9l\u00e9mentaire. J&rsquo;avais l&rsquo;intuition que je tenais une cl\u00e9 pour permettre \u00e0 chacun de progresser, d&rsquo;avancer dans un climat serein et en utilisant toutes les ressources humaines disponibles : EUX !<\/p>\n<p><img data-attachment-id=\"790\" data-permalink=\"https:\/\/griffonotes.com\/index.php\/2019\/02\/25\/transition-pedagogique\/img_20190214_100009\/\" data-orig-file=\"https:\/\/i0.wp.com\/griffonotes.com\/wp-content\/uploads\/2019\/02\/IMG_20190214_100009.jpg?fit=3333%2C4365&amp;ssl=1\" data-orig-size=\"3333,4365\" data-comments-opened=\"1\" data-image-meta=\"{&quot;aperture&quot;:&quot;2&quot;,&quot;credit&quot;:&quot;&quot;,&quot;camera&quot;:&quot;Nokia 6&quot;,&quot;caption&quot;:&quot;&quot;,&quot;created_timestamp&quot;:&quot;1550138413&quot;,&quot;copyright&quot;:&quot;&quot;,&quot;focal_length&quot;:&quot;3.57&quot;,&quot;iso&quot;:&quot;320&quot;,&quot;shutter_speed&quot;:&quot;0.029&quot;,&quot;title&quot;:&quot;&quot;,&quot;orientation&quot;:&quot;1&quot;}\" data-image-title=\"IMG_20190214_100009\" data-image-description=\"\" data-medium-file=\"https:\/\/i0.wp.com\/griffonotes.com\/wp-content\/uploads\/2019\/02\/IMG_20190214_100009.jpg?fit=229%2C300&amp;ssl=1\" data-large-file=\"https:\/\/i0.wp.com\/griffonotes.com\/wp-content\/uploads\/2019\/02\/IMG_20190214_100009.jpg?fit=616%2C807&amp;ssl=1\" loading=\"lazy\" class=\"alignnone size-full wp-image-790\" src=\"https:\/\/i0.wp.com\/griffonotes.com\/wp-content\/uploads\/2019\/02\/IMG_20190214_100009.jpg?resize=616%2C807&#038;ssl=1\" alt=\"IMG_20190214_100009\" width=\"616\" height=\"807\" srcset=\"https:\/\/i0.wp.com\/griffonotes.com\/wp-content\/uploads\/2019\/02\/IMG_20190214_100009.jpg?w=3333&amp;ssl=1 3333w, https:\/\/i0.wp.com\/griffonotes.com\/wp-content\/uploads\/2019\/02\/IMG_20190214_100009.jpg?resize=229%2C300&amp;ssl=1 229w, https:\/\/i0.wp.com\/griffonotes.com\/wp-content\/uploads\/2019\/02\/IMG_20190214_100009.jpg?resize=768%2C1006&amp;ssl=1 768w, https:\/\/i0.wp.com\/griffonotes.com\/wp-content\/uploads\/2019\/02\/IMG_20190214_100009.jpg?resize=782%2C1024&amp;ssl=1 782w, https:\/\/i0.wp.com\/griffonotes.com\/wp-content\/uploads\/2019\/02\/IMG_20190214_100009.jpg?resize=816%2C1069&amp;ssl=1 816w, https:\/\/i0.wp.com\/griffonotes.com\/wp-content\/uploads\/2019\/02\/IMG_20190214_100009.jpg?w=1232 1232w, https:\/\/i0.wp.com\/griffonotes.com\/wp-content\/uploads\/2019\/02\/IMG_20190214_100009.jpg?w=1848 1848w\" sizes=\"(max-width: 616px) 100vw, 616px\" data-recalc-dims=\"1\" \/><\/p>\n<p>J&rsquo;ai cogit\u00e9, prioris\u00e9 pour \u00e9tablir un plan de bataille qui s&rsquo;est affin\u00e9, enrichi et compl\u00e9t\u00e9 suite aux deux jours de formation <strong><span style=\"color: #339966;\">\u00ab\u00a0NousSommesLeSyst\u00e8me\u00a0\u00bb<\/span><\/strong> \u00e0 l&rsquo;initiative de Damien Roquel. L&rsquo;Intelligence Collective va \u00eatre davantage utilis\u00e9e.<\/p>\n<p>Au gr\u00e9 des petits pas et exp\u00e9rimentations, je vais partager ici p\u00e9pites et autres cogitations<\/p>\n<p style=\"text-align: center;\"><strong>Jour 1 :<\/strong><\/p>\n<p>Jour de rentr\u00e9e, apr\u00e8s 2 semaines de vacances, les \u00e9l\u00e8ves ont d\u00e9couvert que quelques tables avaient boug\u00e9.<\/p>\n<p>Pour conna\u00eetre leur nouvel \u00eelot qui devient une \u00e9quipe, tout en d\u00e9couvrant les modifications d&rsquo;organisation, ils ont eu \u00e0 reconstituer les phrases\/\u00e9tapes cl\u00e9.<br \/>\nAinsi, ils ont coop\u00e9r\u00e9 puis d\u00e9couvert qu&rsquo;ils s&rsquo;installaient, travailleraient ensemble. Cela a \u00e9vit\u00e9 les d\u00e9ceptions qui naissaient quand ils d\u00e9couvraient le nouveau plan de classe au tableau. De plus, entre l&rsquo;explicitation des phrases, avec l&rsquo;appui des affichages, les explications ont \u00e9t\u00e9 rapides.<\/p>\n<div class=\"tiled-gallery type-rectangular tiled-gallery-unresized\" data-original-width=\"616\" data-carousel-extra='{&quot;blog_id&quot;:1,&quot;permalink&quot;:&quot;https:\\\/\\\/griffonotes.com\\\/index.php\\\/2019\\\/02\\\/25\\\/transition-pedagogique\\\/&quot;,&quot;likes_blog_id&quot;:156469814}' itemscope itemtype=\"http:\/\/schema.org\/ImageGallery\" > <div class=\"gallery-row\" style=\"width: 616px; height: 184px;\" data-original-width=\"616\" data-original-height=\"184\" > <div class=\"gallery-group images-1\" style=\"width: 244px; height: 184px;\" data-original-width=\"244\" data-original-height=\"184\" > <div class=\"tiled-gallery-item tiled-gallery-item-small\" itemprop=\"associatedMedia\" itemscope itemtype=\"http:\/\/schema.org\/ImageObject\"> <a href=\"https:\/\/griffonotes.com\/index.php\/2019\/02\/25\/transition-pedagogique\/img_20190222_183906\/\" border=\"0\" itemprop=\"url\"> <meta itemprop=\"width\" content=\"240\"> <meta itemprop=\"height\" content=\"180\"> <img data-attachment-id=\"788\" data-orig-file=\"https:\/\/griffonotes.com\/wp-content\/uploads\/2019\/02\/IMG_20190222_183906.jpg\" data-orig-size=\"4608,3456\" data-comments-opened=\"1\" data-image-meta=\"{&quot;aperture&quot;:&quot;2&quot;,&quot;credit&quot;:&quot;&quot;,&quot;camera&quot;:&quot;Nokia 6&quot;,&quot;caption&quot;:&quot;&quot;,&quot;created_timestamp&quot;:&quot;1550860751&quot;,&quot;copyright&quot;:&quot;&quot;,&quot;focal_length&quot;:&quot;3.57&quot;,&quot;iso&quot;:&quot;64&quot;,&quot;shutter_speed&quot;:&quot;0.029&quot;,&quot;title&quot;:&quot;&quot;,&quot;orientation&quot;:&quot;0&quot;}\" data-image-title=\"IMG_20190222_183906\" data-image-description=\"\" data-medium-file=\"https:\/\/i2.wp.com\/griffonotes.com\/wp-content\/uploads\/2019\/02\/IMG_20190222_183906.jpg?fit=300%2C225&#038;ssl=1\" data-large-file=\"https:\/\/i2.wp.com\/griffonotes.com\/wp-content\/uploads\/2019\/02\/IMG_20190222_183906.jpg?fit=616%2C462&#038;ssl=1\" src=\"https:\/\/i2.wp.com\/griffonotes.com\/wp-content\/uploads\/2019\/02\/IMG_20190222_183906.jpg?w=240&#038;h=180&#038;ssl=1\" width=\"240\" height=\"180\" data-original-width=\"240\" data-original-height=\"180\" itemprop=\"http:\/\/schema.org\/image\" title=\"IMG_20190222_183906\" alt=\"IMG_20190222_183906\" style=\"width: 240px; height: 180px;\" \/> <\/a> <\/div> <\/div> <!-- close group --> <div class=\"gallery-group images-1\" style=\"width: 372px; height: 184px;\" data-original-width=\"372\" data-original-height=\"184\" > <div class=\"tiled-gallery-item tiled-gallery-item-large\" itemprop=\"associatedMedia\" itemscope itemtype=\"http:\/\/schema.org\/ImageObject\"> <a href=\"https:\/\/griffonotes.com\/index.php\/2019\/02\/25\/transition-pedagogique\/img_20190225_133643\/\" border=\"0\" itemprop=\"url\"> <meta itemprop=\"width\" content=\"368\"> <meta itemprop=\"height\" content=\"180\"> <img data-attachment-id=\"785\" data-orig-file=\"https:\/\/griffonotes.com\/wp-content\/uploads\/2019\/02\/IMG_20190225_133643.jpg\" data-orig-size=\"4608,2248\" data-comments-opened=\"1\" data-image-meta=\"{&quot;aperture&quot;:&quot;2&quot;,&quot;credit&quot;:&quot;&quot;,&quot;camera&quot;:&quot;Nokia 6&quot;,&quot;caption&quot;:&quot;&quot;,&quot;created_timestamp&quot;:&quot;1551101806&quot;,&quot;copyright&quot;:&quot;&quot;,&quot;focal_length&quot;:&quot;3.57&quot;,&quot;iso&quot;:&quot;160&quot;,&quot;shutter_speed&quot;:&quot;0.029&quot;,&quot;title&quot;:&quot;&quot;,&quot;orientation&quot;:&quot;1&quot;}\" data-image-title=\"IMG_20190225_133643\" data-image-description=\"\" data-medium-file=\"https:\/\/i0.wp.com\/griffonotes.com\/wp-content\/uploads\/2019\/02\/IMG_20190225_133643.jpg?fit=300%2C146&#038;ssl=1\" data-large-file=\"https:\/\/i0.wp.com\/griffonotes.com\/wp-content\/uploads\/2019\/02\/IMG_20190225_133643.jpg?fit=616%2C301&#038;ssl=1\" src=\"https:\/\/i0.wp.com\/griffonotes.com\/wp-content\/uploads\/2019\/02\/IMG_20190225_133643.jpg?w=368&#038;h=180&#038;ssl=1\" width=\"368\" height=\"180\" data-original-width=\"368\" data-original-height=\"180\" itemprop=\"http:\/\/schema.org\/image\" title=\"IMG_20190225_133643\" alt=\"IMG_20190225_133643\" style=\"width: 368px; height: 180px;\" \/> <\/a> <\/div> <\/div> <!-- close group --> <\/div> <!-- close row --> <\/div>\n<p>L&rsquo;objectif principal \u00e9tant de coop\u00e9rer dans le calme, il \u00e9tait prioritaire de reprendre l&rsquo;habitude de la <span style=\"color: #cc99ff;\"><strong>pause \u00ab\u00a0\u00a0\u00bb\u00a0\u00bb\u00a0\u00bb\u00a0\u00bb\u00a0\u00bb\u00a0\u00bb\u00a0\u00bbimm\u00e9diate\u00a0\u00bb\u00a0\u00bb\u00a0\u00bb\u00a0\u00bb\u00a0\u00bb\u00a0\u00bb\u00a0\u00bb\u00a0\u00bb\u00a0\u00bb<\/strong> <\/span>d\u00e8s que je l\u00e8ve la main, ou un \u00e9l\u00e8ve.<br \/>\nM\u00eame si c&rsquo;est encore parfois long, j&rsquo;ai remarqu\u00e9 qu&rsquo;une moiti\u00e9 de classe souhaitait travailler dans le calme et \u0153uvrait pour le retrouver quand le niveau sonore augmentait.<\/p>\n<p><img data-attachment-id=\"787\" data-permalink=\"https:\/\/griffonotes.com\/index.php\/2019\/02\/25\/transition-pedagogique\/img_20190225_133528\/\" data-orig-file=\"https:\/\/i2.wp.com\/griffonotes.com\/wp-content\/uploads\/2019\/02\/IMG_20190225_133528.jpg?fit=3456%2C4608&amp;ssl=1\" data-orig-size=\"3456,4608\" data-comments-opened=\"1\" data-image-meta=\"{&quot;aperture&quot;:&quot;2&quot;,&quot;credit&quot;:&quot;&quot;,&quot;camera&quot;:&quot;Nokia 6&quot;,&quot;caption&quot;:&quot;&quot;,&quot;created_timestamp&quot;:&quot;1551101729&quot;,&quot;copyright&quot;:&quot;&quot;,&quot;focal_length&quot;:&quot;3.57&quot;,&quot;iso&quot;:&quot;100&quot;,&quot;shutter_speed&quot;:&quot;0.02&quot;,&quot;title&quot;:&quot;&quot;,&quot;orientation&quot;:&quot;0&quot;}\" data-image-title=\"IMG_20190225_133528\" data-image-description=\"\" data-medium-file=\"https:\/\/i2.wp.com\/griffonotes.com\/wp-content\/uploads\/2019\/02\/IMG_20190225_133528.jpg?fit=225%2C300&amp;ssl=1\" data-large-file=\"https:\/\/i2.wp.com\/griffonotes.com\/wp-content\/uploads\/2019\/02\/IMG_20190225_133528.jpg?fit=616%2C821&amp;ssl=1\" loading=\"lazy\" class=\"alignnone size-full wp-image-787\" src=\"https:\/\/i2.wp.com\/griffonotes.com\/wp-content\/uploads\/2019\/02\/IMG_20190225_133528.jpg?resize=616%2C821&#038;ssl=1\" alt=\"IMG_20190225_133528\" width=\"616\" height=\"821\" srcset=\"https:\/\/i2.wp.com\/griffonotes.com\/wp-content\/uploads\/2019\/02\/IMG_20190225_133528.jpg?w=3456&amp;ssl=1 3456w, https:\/\/i2.wp.com\/griffonotes.com\/wp-content\/uploads\/2019\/02\/IMG_20190225_133528.jpg?resize=225%2C300&amp;ssl=1 225w, https:\/\/i2.wp.com\/griffonotes.com\/wp-content\/uploads\/2019\/02\/IMG_20190225_133528.jpg?resize=768%2C1024&amp;ssl=1 768w, https:\/\/i2.wp.com\/griffonotes.com\/wp-content\/uploads\/2019\/02\/IMG_20190225_133528.jpg?resize=816%2C1088&amp;ssl=1 816w, https:\/\/i2.wp.com\/griffonotes.com\/wp-content\/uploads\/2019\/02\/IMG_20190225_133528.jpg?w=1232 1232w, https:\/\/i2.wp.com\/griffonotes.com\/wp-content\/uploads\/2019\/02\/IMG_20190225_133528.jpg?w=1848 1848w\" sizes=\"(max-width: 616px) 100vw, 616px\" data-recalc-dims=\"1\" \/><\/p>\n<p>Pour les motiver \u00e0 s&rsquo;arr\u00eater rapidement et constater les progr\u00e8s, je note chaque silence demand\u00e9 et le temps n\u00e9cessaire pour l&rsquo;obtenir&#8230; pour le moment. j&rsquo;esp\u00e8re rapidement, que ce ne sera plus n\u00e9cessaire.<\/p>\n<p>Au fil de cette premi\u00e8re journ\u00e9e, le ma\u00eetre mot a \u00e9t\u00e9 :<\/p>\n<h2 style=\"text-align: center;\"><em>\u00ab\u00a0<del>Perdre<\/del> Prendre le temps n\u00e9cessaire pour que les habitudes s&rsquo;installent et en gagner ensuite.\u00a0\u00bb<\/em><\/h2>\n<p>C&rsquo;est r\u00e9guli\u00e8rement frustrant. N\u00e9anmoins, quelques p\u00e9pites arrivent dans mon panier d\u00e8s aujourd&rsquo;hui :<\/p>\n<p>* Un \u00e9l\u00e8ve, qui perdait r\u00e9guli\u00e8rement patience et devaient s&rsquo;isoler pour travailler, a pass\u00e9 toute la journ\u00e9e avec son \u00e9quipe. Il a dit ce midi \u00ab\u00a0c&rsquo;est bien de travailler avec des filles, elles peuvent m&rsquo;aider quand j&rsquo;ai besoin\u00a0\u00bb.<\/p>\n<p>* J&rsquo;ai pu passer plus de temps qu&rsquo;habituellement avec les deux \u00e9l\u00e8ves de CE1 qui apprennent \u00e0 lire.<\/p>\n<p>*En fin de journ\u00e9e, quand ils ont r\u00e9alis\u00e9 leur bilan, j&rsquo;ai entendu des discussions et leur retour est juste, en ad\u00e9quation avec ce que j&rsquo;ai observ\u00e9. J&rsquo;en ai \u00e9t\u00e9 tr\u00e8s agr\u00e9ablement surprise.<\/p>\n<p><img data-attachment-id=\"782\" data-permalink=\"https:\/\/griffonotes.com\/index.php\/2019\/02\/25\/transition-pedagogique\/img_20190225_163004\/\" data-orig-file=\"https:\/\/i1.wp.com\/griffonotes.com\/wp-content\/uploads\/2019\/02\/IMG_20190225_163004.jpg?fit=4608%2C3456&amp;ssl=1\" data-orig-size=\"4608,3456\" data-comments-opened=\"1\" data-image-meta=\"{&quot;aperture&quot;:&quot;2&quot;,&quot;credit&quot;:&quot;&quot;,&quot;camera&quot;:&quot;Nokia 6&quot;,&quot;caption&quot;:&quot;&quot;,&quot;created_timestamp&quot;:&quot;1551112207&quot;,&quot;copyright&quot;:&quot;&quot;,&quot;focal_length&quot;:&quot;3.57&quot;,&quot;iso&quot;:&quot;64&quot;,&quot;shutter_speed&quot;:&quot;0.029&quot;,&quot;title&quot;:&quot;&quot;,&quot;orientation&quot;:&quot;0&quot;}\" data-image-title=\"IMG_20190225_163004\" data-image-description=\"\" data-medium-file=\"https:\/\/i1.wp.com\/griffonotes.com\/wp-content\/uploads\/2019\/02\/IMG_20190225_163004.jpg?fit=300%2C225&amp;ssl=1\" data-large-file=\"https:\/\/i1.wp.com\/griffonotes.com\/wp-content\/uploads\/2019\/02\/IMG_20190225_163004.jpg?fit=616%2C462&amp;ssl=1\" loading=\"lazy\" class=\"alignnone size-full wp-image-782\" src=\"https:\/\/i1.wp.com\/griffonotes.com\/wp-content\/uploads\/2019\/02\/IMG_20190225_163004.jpg?resize=616%2C462&#038;ssl=1\" alt=\"IMG_20190225_163004\" width=\"616\" height=\"462\" srcset=\"https:\/\/i1.wp.com\/griffonotes.com\/wp-content\/uploads\/2019\/02\/IMG_20190225_163004.jpg?w=4608&amp;ssl=1 4608w, https:\/\/i1.wp.com\/griffonotes.com\/wp-content\/uploads\/2019\/02\/IMG_20190225_163004.jpg?resize=300%2C225&amp;ssl=1 300w, https:\/\/i1.wp.com\/griffonotes.com\/wp-content\/uploads\/2019\/02\/IMG_20190225_163004.jpg?resize=768%2C576&amp;ssl=1 768w, https:\/\/i1.wp.com\/griffonotes.com\/wp-content\/uploads\/2019\/02\/IMG_20190225_163004.jpg?resize=1024%2C768&amp;ssl=1 1024w, https:\/\/i1.wp.com\/griffonotes.com\/wp-content\/uploads\/2019\/02\/IMG_20190225_163004.jpg?resize=816%2C612&amp;ssl=1 816w, https:\/\/i1.wp.com\/griffonotes.com\/wp-content\/uploads\/2019\/02\/IMG_20190225_163004.jpg?w=1232 1232w, https:\/\/i1.wp.com\/griffonotes.com\/wp-content\/uploads\/2019\/02\/IMG_20190225_163004.jpg?w=1848 1848w\" sizes=\"(max-width: 616px) 100vw, 616px\" data-recalc-dims=\"1\" \/><\/p>\n<p>Un grand grand grand merci \u00e0 toi, Christian, et \u00e0 tes \u00e9l\u00e8ves, pour votre accueil. Un grand merci \u00e9galement \u00e0 vous, Damien, Steeve et Perrine : les deux jours avec vous ont compl\u00e9t\u00e9 \u00e0 merveille pour que les graines puissent germer.<\/p>\n<p>A suivre&#8230;<\/p>\n","protected":false},"excerpt":{"rendered":"<p>J&rsquo;ai profit\u00e9 des vacances de f\u00e9vrier, d\u00e9cal\u00e9es selon par zones, pour faire du \u00ab\u00a0tourisme p\u00e9dagogique\u00a0\u00bb. C&rsquo;est ainsi qu&rsquo;apr\u00e8s avoir \u00e9cout\u00e9 Christian Den Hartigh pr\u00e9senter son fonctionnement de classe, lors de journ\u00e9es Agiles, j&rsquo;ai pu voir sa ruche fonctionner. Ce fut une riche matin\u00e9e pendant laquelle j&rsquo;ai vu des coll\u00e9giens travailler, coop\u00e9rer dans le calme et [&hellip;]<\/p>\n","protected":false},"author":2,"featured_media":789,"comment_status":"open","ping_status":"open","sticky":false,"template":"","format":"standard","meta":{"sharing_disabled":false,"spay_email":"","jetpack_publicize_message":""},"categories":[9,13],"tags":[],"jetpack_featured_media_url":"https:\/\/i0.wp.com\/griffonotes.com\/wp-content\/uploads\/2019\/02\/IMG_20190215_200434.jpg?fit=4608%2C3456&ssl=1","jetpack_publicize_connections":[],"yoast_head":"<!-- This site is optimized with the Yoast SEO plugin v19.4 - https:\/\/yoast.com\/wordpress\/plugins\/seo\/ -->\n<title>Transition P\u00e9dagogique - Griffo&#039;Notes<\/title>\n<meta name=\"robots\" content=\"index, follow, max-snippet:-1, max-image-preview:large, max-video-preview:-1\" \/>\n<link rel=\"canonical\" href=\"https:\/\/griffonotes.com\/index.php\/2019\/02\/25\/transition-pedagogique\/\" \/>\n<meta property=\"og:locale\" content=\"fr_FR\" \/>\n<meta property=\"og:type\" content=\"article\" \/>\n<meta property=\"og:title\" content=\"Transition P\u00e9dagogique - Griffo&#039;Notes\" \/>\n<meta property=\"og:description\" content=\"J&rsquo;ai profit\u00e9 des vacances de f\u00e9vrier, d\u00e9cal\u00e9es selon par zones, pour faire du \u00ab\u00a0tourisme p\u00e9dagogique\u00a0\u00bb. C&rsquo;est ainsi qu&rsquo;apr\u00e8s avoir \u00e9cout\u00e9 Christian Den Hartigh pr\u00e9senter son fonctionnement de classe, lors de journ\u00e9es Agiles, j&rsquo;ai pu voir sa ruche fonctionner. Ce fut une riche matin\u00e9e pendant laquelle j&rsquo;ai vu des coll\u00e9giens travailler, coop\u00e9rer dans le calme et [&hellip;]\" \/>\n<meta property=\"og:url\" content=\"https:\/\/griffonotes.com\/index.php\/2019\/02\/25\/transition-pedagogique\/\" \/>\n<meta property=\"og:site_name\" content=\"Griffo&#039;Notes\" \/>\n<meta property=\"article:published_time\" content=\"2019-02-25T21:51:44+00:00\" \/>\n<meta property=\"article:modified_time\" content=\"2019-03-24T12:14:15+00:00\" \/>\n<meta property=\"og:image\" content=\"https:\/\/i0.wp.com\/griffonotes.com\/wp-content\/uploads\/2019\/02\/IMG_20190215_200434.jpg?fit=4608%2C3456&ssl=1\" \/>\n\t<meta property=\"og:image:width\" content=\"4608\" \/>\n\t<meta property=\"og:image:height\" content=\"3456\" \/>\n\t<meta property=\"og:image:type\" content=\"image\/jpeg\" \/>\n<meta name=\"author\" content=\"Manuella\" \/>\n<meta name=\"twitter:card\" content=\"summary_large_image\" \/>\n<meta name=\"twitter:label1\" content=\"\u00c9crit par\" \/>\n\t<meta name=\"twitter:data1\" content=\"Manuella\" \/>\n\t<meta name=\"twitter:label2\" content=\"Dur\u00e9e de lecture estim\u00e9e\" \/>\n\t<meta name=\"twitter:data2\" content=\"3 minutes\" \/>\n<script type=\"application\/ld+json\" class=\"yoast-schema-graph\">{\"@context\":\"https:\/\/schema.org\",\"@graph\":[{\"@type\":\"WebSite\",\"@id\":\"https:\/\/griffonotes.com\/#website\",\"url\":\"https:\/\/griffonotes.com\/\",\"name\":\"Griffo&#039;Notes\",\"description\":\"D\u00e9couvrir, apprendre, enseigner et communiquer avec la pens\u00e9e visuelle\",\"potentialAction\":[{\"@type\":\"SearchAction\",\"target\":{\"@type\":\"EntryPoint\",\"urlTemplate\":\"https:\/\/griffonotes.com\/?s={search_term_string}\"},\"query-input\":\"required name=search_term_string\"}],\"inLanguage\":\"fr-FR\"},{\"@type\":\"WebPage\",\"@id\":\"https:\/\/griffonotes.com\/index.php\/2019\/02\/25\/transition-pedagogique\/\",\"url\":\"https:\/\/griffonotes.com\/index.php\/2019\/02\/25\/transition-pedagogique\/\",\"name\":\"Transition P\u00e9dagogique - Griffo&#039;Notes\",\"isPartOf\":{\"@id\":\"https:\/\/griffonotes.com\/#website\"},\"datePublished\":\"2019-02-25T21:51:44+00:00\",\"dateModified\":\"2019-03-24T12:14:15+00:00\",\"author\":{\"@id\":\"https:\/\/griffonotes.com\/#\/schema\/person\/7338c4a08ce8a6071886cfe733fcc1a3\"},\"breadcrumb\":{\"@id\":\"https:\/\/griffonotes.com\/index.php\/2019\/02\/25\/transition-pedagogique\/#breadcrumb\"},\"inLanguage\":\"fr-FR\",\"potentialAction\":[{\"@type\":\"ReadAction\",\"target\":[\"https:\/\/griffonotes.com\/index.php\/2019\/02\/25\/transition-pedagogique\/\"]}]},{\"@type\":\"BreadcrumbList\",\"@id\":\"https:\/\/griffonotes.com\/index.php\/2019\/02\/25\/transition-pedagogique\/#breadcrumb\",\"itemListElement\":[{\"@type\":\"ListItem\",\"position\":1,\"name\":\"Accueil\",\"item\":\"https:\/\/griffonotes.com\/\"},{\"@type\":\"ListItem\",\"position\":2,\"name\":\"Transition P\u00e9dagogique\"}]},{\"@type\":\"Person\",\"@id\":\"https:\/\/griffonotes.com\/#\/schema\/person\/7338c4a08ce8a6071886cfe733fcc1a3\",\"name\":\"Manuella\",\"image\":{\"@type\":\"ImageObject\",\"inLanguage\":\"fr-FR\",\"@id\":\"https:\/\/griffonotes.com\/#\/schema\/person\/image\/\",\"url\":\"https:\/\/secure.gravatar.com\/avatar\/94d7748134b5b20c91a2ea2efd86ff39?s=96&d=mm&r=g\",\"contentUrl\":\"https:\/\/secure.gravatar.com\/avatar\/94d7748134b5b20c91a2ea2efd86ff39?s=96&d=mm&r=g\",\"caption\":\"Manuella\"},\"url\":\"https:\/\/griffonotes.com\/index.php\/author\/manuella\/\"}]}<\/script>\n<!-- \/ Yoast SEO plugin. -->","yoast_head_json":{"title":"Transition P\u00e9dagogique - Griffo&#039;Notes","robots":{"index":"index","follow":"follow","max-snippet":"max-snippet:-1","max-image-preview":"max-image-preview:large","max-video-preview":"max-video-preview:-1"},"canonical":"https:\/\/griffonotes.com\/index.php\/2019\/02\/25\/transition-pedagogique\/","og_locale":"fr_FR","og_type":"article","og_title":"Transition P\u00e9dagogique - Griffo&#039;Notes","og_description":"J&rsquo;ai profit\u00e9 des vacances de f\u00e9vrier, d\u00e9cal\u00e9es selon par zones, pour faire du \u00ab\u00a0tourisme p\u00e9dagogique\u00a0\u00bb. C&rsquo;est ainsi qu&rsquo;apr\u00e8s avoir \u00e9cout\u00e9 Christian Den Hartigh pr\u00e9senter son fonctionnement de classe, lors de journ\u00e9es Agiles, j&rsquo;ai pu voir sa ruche fonctionner. Ce fut une riche matin\u00e9e pendant laquelle j&rsquo;ai vu des coll\u00e9giens travailler, coop\u00e9rer dans le calme et [&hellip;]","og_url":"https:\/\/griffonotes.com\/index.php\/2019\/02\/25\/transition-pedagogique\/","og_site_name":"Griffo&#039;Notes","article_published_time":"2019-02-25T21:51:44+00:00","article_modified_time":"2019-03-24T12:14:15+00:00","og_image":[{"width":4608,"height":3456,"url":"https:\/\/i0.wp.com\/griffonotes.com\/wp-content\/uploads\/2019\/02\/IMG_20190215_200434.jpg?fit=4608%2C3456&ssl=1","type":"image\/jpeg"}],"author":"Manuella","twitter_card":"summary_large_image","twitter_misc":{"\u00c9crit par":"Manuella","Dur\u00e9e de lecture estim\u00e9e":"3 minutes"},"schema":{"@context":"https:\/\/schema.org","@graph":[{"@type":"WebSite","@id":"https:\/\/griffonotes.com\/#website","url":"https:\/\/griffonotes.com\/","name":"Griffo&#039;Notes","description":"D\u00e9couvrir, apprendre, enseigner et communiquer avec la pens\u00e9e visuelle","potentialAction":[{"@type":"SearchAction","target":{"@type":"EntryPoint","urlTemplate":"https:\/\/griffonotes.com\/?s={search_term_string}"},"query-input":"required name=search_term_string"}],"inLanguage":"fr-FR"},{"@type":"WebPage","@id":"https:\/\/griffonotes.com\/index.php\/2019\/02\/25\/transition-pedagogique\/","url":"https:\/\/griffonotes.com\/index.php\/2019\/02\/25\/transition-pedagogique\/","name":"Transition P\u00e9dagogique - Griffo&#039;Notes","isPartOf":{"@id":"https:\/\/griffonotes.com\/#website"},"datePublished":"2019-02-25T21:51:44+00:00","dateModified":"2019-03-24T12:14:15+00:00","author":{"@id":"https:\/\/griffonotes.com\/#\/schema\/person\/7338c4a08ce8a6071886cfe733fcc1a3"},"breadcrumb":{"@id":"https:\/\/griffonotes.com\/index.php\/2019\/02\/25\/transition-pedagogique\/#breadcrumb"},"inLanguage":"fr-FR","potentialAction":[{"@type":"ReadAction","target":["https:\/\/griffonotes.com\/index.php\/2019\/02\/25\/transition-pedagogique\/"]}]},{"@type":"BreadcrumbList","@id":"https:\/\/griffonotes.com\/index.php\/2019\/02\/25\/transition-pedagogique\/#breadcrumb","itemListElement":[{"@type":"ListItem","position":1,"name":"Accueil","item":"https:\/\/griffonotes.com\/"},{"@type":"ListItem","position":2,"name":"Transition P\u00e9dagogique"}]},{"@type":"Person","@id":"https:\/\/griffonotes.com\/#\/schema\/person\/7338c4a08ce8a6071886cfe733fcc1a3","name":"Manuella","image":{"@type":"ImageObject","inLanguage":"fr-FR","@id":"https:\/\/griffonotes.com\/#\/schema\/person\/image\/","url":"https:\/\/secure.gravatar.com\/avatar\/94d7748134b5b20c91a2ea2efd86ff39?s=96&d=mm&r=g","contentUrl":"https:\/\/secure.gravatar.com\/avatar\/94d7748134b5b20c91a2ea2efd86ff39?s=96&d=mm&r=g","caption":"Manuella"},"url":"https:\/\/griffonotes.com\/index.php\/author\/manuella\/"}]}},"jetpack_shortlink":"https:\/\/wp.me\/paAwWG-cB","jetpack-related-posts":[],"_links":{"self":[{"href":"https:\/\/griffonotes.com\/index.php\/wp-json\/wp\/v2\/posts\/781"}],"collection":[{"href":"https:\/\/griffonotes.com\/index.php\/wp-json\/wp\/v2\/posts"}],"about":[{"href":"https:\/\/griffonotes.com\/index.php\/wp-json\/wp\/v2\/types\/post"}],"author":[{"embeddable":true,"href":"https:\/\/griffonotes.com\/index.php\/wp-json\/wp\/v2\/users\/2"}],"replies":[{"embeddable":true,"href":"https:\/\/griffonotes.com\/index.php\/wp-json\/wp\/v2\/comments?post=781"}],"version-history":[{"count":3,"href":"https:\/\/griffonotes.com\/index.php\/wp-json\/wp\/v2\/posts\/781\/revisions"}],"predecessor-version":[{"id":840,"href":"https:\/\/griffonotes.com\/index.php\/wp-json\/wp\/v2\/posts\/781\/revisions\/840"}],"wp:featuredmedia":[{"embeddable":true,"href":"https:\/\/griffonotes.com\/index.php\/wp-json\/wp\/v2\/media\/789"}],"wp:attachment":[{"href":"https:\/\/griffonotes.com\/index.php\/wp-json\/wp\/v2\/media?parent=781"}],"wp:term":[{"taxonomy":"category","embeddable":true,"href":"https:\/\/griffonotes.com\/index.php\/wp-json\/wp\/v2\/categories?post=781"},{"taxonomy":"post_tag","embeddable":true,"href":"https:\/\/griffonotes.com\/index.php\/wp-json\/wp\/v2\/tags?post=781"}],"curies":[{"name":"wp","href":"https:\/\/api.w.org\/{rel}","templated":true}]}}