{"id":150,"date":"2016-09-11T13:54:22","date_gmt":"2016-09-11T12:54:22","guid":{"rendered":"https:\/\/livressentiels.wordpress.com\/?p=150"},"modified":"2016-09-11T13:54:22","modified_gmt":"2016-09-11T12:54:22","slug":"le-jour-ou-le-bus-est-reparti-sans-elle","status":"publish","type":"post","link":"https:\/\/griffonotes.com\/index.php\/2016\/09\/11\/le-jour-ou-le-bus-est-reparti-sans-elle\/","title":{"rendered":"Le jour o\u00f9 le bus est reparti sans elle"},"content":{"rendered":"<div class=\"tiled-gallery type-rectangular tiled-gallery-unresized\" data-original-width=\"616\" data-carousel-extra='{&quot;blog_id&quot;:1,&quot;permalink&quot;:&quot;https:\\\/\\\/griffonotes.com\\\/index.php\\\/2016\\\/09\\\/11\\\/le-jour-ou-le-bus-est-reparti-sans-elle\\\/&quot;,&quot;likes_blog_id&quot;:156469814}' itemscope itemtype=\"http:\/\/schema.org\/ImageGallery\" > <div class=\"gallery-row\" style=\"width: 616px; height: 352px;\" data-original-width=\"616\" data-original-height=\"352\" > <div class=\"gallery-group images-1\" style=\"width: 265px; height: 352px;\" data-original-width=\"265\" data-original-height=\"352\" > <div class=\"tiled-gallery-item tiled-gallery-item-large\" itemprop=\"associatedMedia\" itemscope itemtype=\"http:\/\/schema.org\/ImageObject\"> <a href=\"https:\/\/griffonotes.com\/index.php\/2016\/09\/11\/le-jour-ou-le-bus-est-reparti-sans-elle\/img_20160911_135732\/\" border=\"0\" itemprop=\"url\"> <meta itemprop=\"width\" content=\"261\"> <meta itemprop=\"height\" content=\"348\"> <img data-attachment-id=\"156\" data-orig-file=\"https:\/\/griffonotes.com\/wp-content\/uploads\/2016\/09\/img_20160911_135732.jpg\" data-orig-size=\"2448,3264\" data-comments-opened=\"1\" data-image-meta=\"{&quot;aperture&quot;:&quot;2.4&quot;,&quot;credit&quot;:&quot;&quot;,&quot;camera&quot;:&quot;Nexus 5&quot;,&quot;caption&quot;:&quot;&quot;,&quot;created_timestamp&quot;:&quot;1473602252&quot;,&quot;copyright&quot;:&quot;&quot;,&quot;focal_length&quot;:&quot;3.97&quot;,&quot;iso&quot;:&quot;543&quot;,&quot;shutter_speed&quot;:&quot;0.033328306&quot;,&quot;title&quot;:&quot;&quot;,&quot;orientation&quot;:&quot;1&quot;}\" data-image-title=\"img_20160911_135732\" data-image-description=\"\" data-medium-file=\"https:\/\/i0.wp.com\/griffonotes.com\/wp-content\/uploads\/2016\/09\/img_20160911_135732.jpg?fit=225%2C300&#038;ssl=1\" data-large-file=\"https:\/\/i0.wp.com\/griffonotes.com\/wp-content\/uploads\/2016\/09\/img_20160911_135732.jpg?fit=616%2C821&#038;ssl=1\" src=\"https:\/\/i0.wp.com\/griffonotes.com\/wp-content\/uploads\/2016\/09\/img_20160911_135732.jpg?w=261&#038;h=348&#038;ssl=1\" width=\"261\" height=\"348\" data-original-width=\"261\" data-original-height=\"348\" itemprop=\"http:\/\/schema.org\/image\" title=\"img_20160911_135732\" alt=\"img_20160911_135732\" style=\"width: 261px; height: 348px;\" \/> <\/a> <\/div> <\/div> <!-- close group --> <div class=\"gallery-group images-1\" style=\"width: 351px; height: 352px;\" data-original-width=\"351\" data-original-height=\"352\" > <div class=\"tiled-gallery-item tiled-gallery-item-large\" itemprop=\"associatedMedia\" itemscope itemtype=\"http:\/\/schema.org\/ImageObject\"> <a href=\"https:\/\/griffonotes.com\/index.php\/2016\/09\/11\/le-jour-ou-le-bus-est-reparti-sans-elle\/img_20160911_135738-2\/\" border=\"0\" itemprop=\"url\"> <meta itemprop=\"width\" content=\"347\"> <meta itemprop=\"height\" content=\"348\"> <img data-attachment-id=\"157\" data-orig-file=\"https:\/\/griffonotes.com\/wp-content\/uploads\/2016\/09\/img_20160911_1357381.jpg\" data-orig-size=\"2448,2452\" data-comments-opened=\"1\" data-image-meta=\"{&quot;aperture&quot;:&quot;2.4&quot;,&quot;credit&quot;:&quot;&quot;,&quot;camera&quot;:&quot;Nexus 5&quot;,&quot;caption&quot;:&quot;&quot;,&quot;created_timestamp&quot;:&quot;1473602259&quot;,&quot;copyright&quot;:&quot;&quot;,&quot;focal_length&quot;:&quot;3.97&quot;,&quot;iso&quot;:&quot;359&quot;,&quot;shutter_speed&quot;:&quot;0.033328306&quot;,&quot;title&quot;:&quot;&quot;,&quot;orientation&quot;:&quot;1&quot;}\" data-image-title=\"img_20160911_135738\" data-image-description=\"\" data-medium-file=\"https:\/\/i0.wp.com\/griffonotes.com\/wp-content\/uploads\/2016\/09\/img_20160911_1357381.jpg?fit=300%2C300&#038;ssl=1\" data-large-file=\"https:\/\/i0.wp.com\/griffonotes.com\/wp-content\/uploads\/2016\/09\/img_20160911_1357381.jpg?fit=616%2C617&#038;ssl=1\" src=\"https:\/\/i0.wp.com\/griffonotes.com\/wp-content\/uploads\/2016\/09\/img_20160911_1357381.jpg?w=347&#038;h=348&#038;ssl=1\" width=\"347\" height=\"348\" data-original-width=\"347\" data-original-height=\"348\" itemprop=\"http:\/\/schema.org\/image\" title=\"img_20160911_135738\" alt=\"img_20160911_135738\" style=\"width: 347px; height: 348px;\" \/> <\/a> <\/div> <\/div> <!-- close group --> <\/div> <!-- close row --> <\/div>\n<p>Il y a pr\u00e8s d&rsquo;un an, autour d&rsquo;un caf\u00e9, Marko me parlait de la Bande Dessin\u00e9e qu&rsquo;il commen\u00e7ait \u00e0 illustrer. Un projet des B\u00e9ka bien diff\u00e9rent des pr\u00e9c\u00e9dents et le sujet m&rsquo;a tout de suite conquise avec l&rsquo;envie de le lire vite vite.<br \/>\nLe voil\u00e0 fraichement sorti et fraichement lu avec grand grand plaisir.<\/p>\n<p>Le chemin vers le bonheur suit parfois (souvent ?) un autre itin\u00e9raire que celui pr\u00e9vu, imagin\u00e9. Reste \u00e0 ouvrir les yeux pour voir puis saisir l&rsquo;opportunit\u00e9 qui se pr\u00e9sente.<\/p>\n<p>Au fil de cette Bande Dessin\u00e9e parsem\u00e9e d&rsquo;histoires Zen, le sc\u00e9nario des B\u00e9ka et les illustrations de Marko nous emm\u00e8nent dans l&rsquo;univers de Cl\u00e9mentine.<br \/>\nAlors qu&rsquo;elle se sent terriblement malchanceuse, elle se pr\u00e9pare \u00e0 rejoindre un groupe pour suivre un week-end de m\u00e9ditation. Seulement, tellement transparente, \u00e0 l&rsquo;issue d&rsquo;une pause lors du trajet, le bus du groupe repart sans elle. Elle se retrouve au milieu d&rsquo;une for\u00eat, o\u00f9 les voitures qui passent sont rares, avec pour seule compagnie une \u00e9picier et pour seul abri, son \u00e9picerie. Pas m\u00eame de t\u00e9l\u00e9phone portable pour pr\u00e9venir le groupe.<br \/>\nChance ou malchance ?<\/p>\n<p>Je me suis laiss\u00e9e porter par le week-end de Cl\u00e9mentine et je prendrai plaisir \u00e0 relire cet ouvrage qui me conforte dans la cueillette quotidienne des p\u00e9pites de la vie.<\/p>\n<div class=\"tiled-gallery type-rectangular tiled-gallery-unresized\" data-original-width=\"616\" data-carousel-extra='{&quot;blog_id&quot;:1,&quot;permalink&quot;:&quot;https:\\\/\\\/griffonotes.com\\\/index.php\\\/2016\\\/09\\\/11\\\/le-jour-ou-le-bus-est-reparti-sans-elle\\\/&quot;,&quot;likes_blog_id&quot;:156469814}' itemscope itemtype=\"http:\/\/schema.org\/ImageGallery\" > <div class=\"gallery-row\" style=\"width: 616px; height: 424px;\" data-original-width=\"616\" data-original-height=\"424\" > <div class=\"gallery-group images-1\" style=\"width: 319px; height: 424px;\" data-original-width=\"319\" data-original-height=\"424\" > <div class=\"tiled-gallery-item tiled-gallery-item-large\" itemprop=\"associatedMedia\" itemscope itemtype=\"http:\/\/schema.org\/ImageObject\"> <a href=\"https:\/\/griffonotes.com\/index.php\/2016\/09\/11\/le-jour-ou-le-bus-est-reparti-sans-elle\/img_20160911_135823-2\/\" border=\"0\" itemprop=\"url\"> <meta itemprop=\"width\" content=\"315\"> <meta itemprop=\"height\" content=\"420\"> <img data-attachment-id=\"159\" data-orig-file=\"https:\/\/griffonotes.com\/wp-content\/uploads\/2016\/09\/img_20160911_1358231.jpg\" data-orig-size=\"2448,3264\" data-comments-opened=\"1\" data-image-meta=\"{&quot;aperture&quot;:&quot;2.4&quot;,&quot;credit&quot;:&quot;&quot;,&quot;camera&quot;:&quot;Nexus 5&quot;,&quot;caption&quot;:&quot;&quot;,&quot;created_timestamp&quot;:&quot;1473602303&quot;,&quot;copyright&quot;:&quot;&quot;,&quot;focal_length&quot;:&quot;3.97&quot;,&quot;iso&quot;:&quot;210&quot;,&quot;shutter_speed&quot;:&quot;0.033328306&quot;,&quot;title&quot;:&quot;&quot;,&quot;orientation&quot;:&quot;1&quot;}\" data-image-title=\"img_20160911_135823\" data-image-description=\"\" data-medium-file=\"https:\/\/i2.wp.com\/griffonotes.com\/wp-content\/uploads\/2016\/09\/img_20160911_1358231.jpg?fit=225%2C300&#038;ssl=1\" data-large-file=\"https:\/\/i2.wp.com\/griffonotes.com\/wp-content\/uploads\/2016\/09\/img_20160911_1358231.jpg?fit=616%2C821&#038;ssl=1\" src=\"https:\/\/i2.wp.com\/griffonotes.com\/wp-content\/uploads\/2016\/09\/img_20160911_1358231.jpg?w=315&#038;h=420&#038;ssl=1\" width=\"315\" height=\"420\" data-original-width=\"315\" data-original-height=\"420\" itemprop=\"http:\/\/schema.org\/image\" title=\"img_20160911_135823\" alt=\"img_20160911_135823\" style=\"width: 315px; height: 420px;\" \/> <\/a> <\/div> <\/div> <!-- close group --> <div class=\"gallery-group images-1\" style=\"width: 297px; height: 424px;\" data-original-width=\"297\" data-original-height=\"424\" > <div class=\"tiled-gallery-item tiled-gallery-item-large\" itemprop=\"associatedMedia\" itemscope itemtype=\"http:\/\/schema.org\/ImageObject\"> <a href=\"https:\/\/griffonotes.com\/index.php\/2016\/09\/11\/le-jour-ou-le-bus-est-reparti-sans-elle\/img_20160911_135804-2\/\" border=\"0\" itemprop=\"url\"> <meta itemprop=\"width\" content=\"293\"> <meta itemprop=\"height\" content=\"420\"> <img data-attachment-id=\"158\" data-orig-file=\"https:\/\/griffonotes.com\/wp-content\/uploads\/2016\/09\/img_20160911_1358041.jpg\" data-orig-size=\"2239,3208\" data-comments-opened=\"1\" data-image-meta=\"{&quot;aperture&quot;:&quot;2.4&quot;,&quot;credit&quot;:&quot;&quot;,&quot;camera&quot;:&quot;Nexus 5&quot;,&quot;caption&quot;:&quot;&quot;,&quot;created_timestamp&quot;:&quot;1473602284&quot;,&quot;copyright&quot;:&quot;&quot;,&quot;focal_length&quot;:&quot;3.97&quot;,&quot;iso&quot;:&quot;688&quot;,&quot;shutter_speed&quot;:&quot;0.033328306&quot;,&quot;title&quot;:&quot;&quot;,&quot;orientation&quot;:&quot;1&quot;}\" data-image-title=\"img_20160911_135804\" data-image-description=\"\" data-medium-file=\"https:\/\/i0.wp.com\/griffonotes.com\/wp-content\/uploads\/2016\/09\/img_20160911_1358041.jpg?fit=209%2C300&#038;ssl=1\" data-large-file=\"https:\/\/i0.wp.com\/griffonotes.com\/wp-content\/uploads\/2016\/09\/img_20160911_1358041.jpg?fit=616%2C882&#038;ssl=1\" src=\"https:\/\/i0.wp.com\/griffonotes.com\/wp-content\/uploads\/2016\/09\/img_20160911_1358041.jpg?w=293&#038;h=420&#038;ssl=1\" width=\"293\" height=\"420\" data-original-width=\"293\" data-original-height=\"420\" itemprop=\"http:\/\/schema.org\/image\" title=\"img_20160911_135804\" alt=\"img_20160911_135804\" style=\"width: 293px; height: 420px;\" \/> <\/a> <\/div> <\/div> <!-- close group --> <\/div> <!-- close row --> <\/div>\n<p><em><strong>Mots-cl\u00e9s<\/strong><\/em> : m\u00e9ditation, voyage, impr\u00e9vus, instant pr\u00e9sent, rencontre, qu\u00eate du bonheur, plaisirs simples, estime de soi, qualit\u00e9s, forces, zen, Bande Dessin\u00e9e<\/p>\n<p><em><strong>Prescription : Bande Dessin\u00e9e id\u00e9ale lorsque l&rsquo;on se trouve malchanceux et que l&rsquo;on se languit de trouver le bonheur !<\/strong> <\/em><\/p>\n<p>&nbsp;<\/p>\n<p>&nbsp;<\/p>\n","protected":false},"excerpt":{"rendered":"<p>Il y a pr\u00e8s d&rsquo;un an, autour d&rsquo;un caf\u00e9, Marko me parlait de la Bande Dessin\u00e9e qu&rsquo;il commen\u00e7ait \u00e0 illustrer. Un projet des B\u00e9ka bien diff\u00e9rent des pr\u00e9c\u00e9dents et le sujet m&rsquo;a tout de suite conquise avec l&rsquo;envie de le lire vite vite. Le voil\u00e0 fraichement sorti et fraichement lu avec grand grand plaisir. Le [&hellip;]<\/p>\n","protected":false},"author":2,"featured_media":156,"comment_status":"open","ping_status":"open","sticky":false,"template":"","format":"standard","meta":{"sharing_disabled":false,"spay_email":"","jetpack_publicize_message":""},"categories":[3,17],"tags":[38],"jetpack_featured_media_url":"https:\/\/i0.wp.com\/griffonotes.com\/wp-content\/uploads\/2016\/09\/img_20160911_135732.jpg?fit=2448%2C3264&ssl=1","jetpack_publicize_connections":[],"yoast_head":"<!-- This site is optimized with the Yoast SEO plugin v19.4 - https:\/\/yoast.com\/wordpress\/plugins\/seo\/ -->\n<title>Le jour o\u00f9 le bus est reparti sans elle - Griffo&#039;Notes<\/title>\n<meta name=\"robots\" content=\"index, follow, max-snippet:-1, max-image-preview:large, max-video-preview:-1\" \/>\n<link rel=\"canonical\" href=\"https:\/\/griffonotes.com\/index.php\/2016\/09\/11\/le-jour-ou-le-bus-est-reparti-sans-elle\/\" \/>\n<meta property=\"og:locale\" content=\"fr_FR\" \/>\n<meta property=\"og:type\" content=\"article\" \/>\n<meta property=\"og:title\" content=\"Le jour o\u00f9 le bus est reparti sans elle - Griffo&#039;Notes\" \/>\n<meta property=\"og:description\" content=\"Il y a pr\u00e8s d&rsquo;un an, autour d&rsquo;un caf\u00e9, Marko me parlait de la Bande Dessin\u00e9e qu&rsquo;il commen\u00e7ait \u00e0 illustrer. Un projet des B\u00e9ka bien diff\u00e9rent des pr\u00e9c\u00e9dents et le sujet m&rsquo;a tout de suite conquise avec l&rsquo;envie de le lire vite vite. Le voil\u00e0 fraichement sorti et fraichement lu avec grand grand plaisir. Le [&hellip;]\" \/>\n<meta property=\"og:url\" content=\"https:\/\/griffonotes.com\/index.php\/2016\/09\/11\/le-jour-ou-le-bus-est-reparti-sans-elle\/\" \/>\n<meta property=\"og:site_name\" content=\"Griffo&#039;Notes\" \/>\n<meta property=\"article:published_time\" content=\"2016-09-11T12:54:22+00:00\" \/>\n<meta property=\"og:image\" content=\"https:\/\/i0.wp.com\/griffonotes.com\/wp-content\/uploads\/2016\/09\/img_20160911_135732.jpg?fit=2448%2C3264&ssl=1\" \/>\n\t<meta property=\"og:image:width\" content=\"2448\" \/>\n\t<meta property=\"og:image:height\" content=\"3264\" \/>\n\t<meta property=\"og:image:type\" content=\"image\/jpeg\" \/>\n<meta name=\"author\" content=\"Manuella\" \/>\n<meta name=\"twitter:card\" content=\"summary_large_image\" \/>\n<meta name=\"twitter:label1\" content=\"\u00c9crit par\" \/>\n\t<meta name=\"twitter:data1\" content=\"Manuella\" \/>\n\t<meta name=\"twitter:label2\" content=\"Dur\u00e9e de lecture estim\u00e9e\" \/>\n\t<meta name=\"twitter:data2\" content=\"1 minute\" \/>\n<script type=\"application\/ld+json\" class=\"yoast-schema-graph\">{\"@context\":\"https:\/\/schema.org\",\"@graph\":[{\"@type\":\"WebSite\",\"@id\":\"https:\/\/griffonotes.com\/#website\",\"url\":\"https:\/\/griffonotes.com\/\",\"name\":\"Griffo&#039;Notes\",\"description\":\"D\u00e9couvrir, apprendre, enseigner et communiquer avec la pens\u00e9e visuelle\",\"potentialAction\":[{\"@type\":\"SearchAction\",\"target\":{\"@type\":\"EntryPoint\",\"urlTemplate\":\"https:\/\/griffonotes.com\/?s={search_term_string}\"},\"query-input\":\"required name=search_term_string\"}],\"inLanguage\":\"fr-FR\"},{\"@type\":\"WebPage\",\"@id\":\"https:\/\/griffonotes.com\/index.php\/2016\/09\/11\/le-jour-ou-le-bus-est-reparti-sans-elle\/\",\"url\":\"https:\/\/griffonotes.com\/index.php\/2016\/09\/11\/le-jour-ou-le-bus-est-reparti-sans-elle\/\",\"name\":\"Le jour o\u00f9 le bus est reparti sans elle - Griffo&#039;Notes\",\"isPartOf\":{\"@id\":\"https:\/\/griffonotes.com\/#website\"},\"datePublished\":\"2016-09-11T12:54:22+00:00\",\"dateModified\":\"2016-09-11T12:54:22+00:00\",\"author\":{\"@id\":\"https:\/\/griffonotes.com\/#\/schema\/person\/7338c4a08ce8a6071886cfe733fcc1a3\"},\"breadcrumb\":{\"@id\":\"https:\/\/griffonotes.com\/index.php\/2016\/09\/11\/le-jour-ou-le-bus-est-reparti-sans-elle\/#breadcrumb\"},\"inLanguage\":\"fr-FR\",\"potentialAction\":[{\"@type\":\"ReadAction\",\"target\":[\"https:\/\/griffonotes.com\/index.php\/2016\/09\/11\/le-jour-ou-le-bus-est-reparti-sans-elle\/\"]}]},{\"@type\":\"BreadcrumbList\",\"@id\":\"https:\/\/griffonotes.com\/index.php\/2016\/09\/11\/le-jour-ou-le-bus-est-reparti-sans-elle\/#breadcrumb\",\"itemListElement\":[{\"@type\":\"ListItem\",\"position\":1,\"name\":\"Accueil\",\"item\":\"https:\/\/griffonotes.com\/\"},{\"@type\":\"ListItem\",\"position\":2,\"name\":\"Le jour o\u00f9 le bus est reparti sans elle\"}]},{\"@type\":\"Person\",\"@id\":\"https:\/\/griffonotes.com\/#\/schema\/person\/7338c4a08ce8a6071886cfe733fcc1a3\",\"name\":\"Manuella\",\"image\":{\"@type\":\"ImageObject\",\"inLanguage\":\"fr-FR\",\"@id\":\"https:\/\/griffonotes.com\/#\/schema\/person\/image\/\",\"url\":\"https:\/\/secure.gravatar.com\/avatar\/94d7748134b5b20c91a2ea2efd86ff39?s=96&d=mm&r=g\",\"contentUrl\":\"https:\/\/secure.gravatar.com\/avatar\/94d7748134b5b20c91a2ea2efd86ff39?s=96&d=mm&r=g\",\"caption\":\"Manuella\"},\"url\":\"https:\/\/griffonotes.com\/index.php\/author\/manuella\/\"}]}<\/script>\n<!-- \/ Yoast SEO plugin. -->","yoast_head_json":{"title":"Le jour o\u00f9 le bus est reparti sans elle - Griffo&#039;Notes","robots":{"index":"index","follow":"follow","max-snippet":"max-snippet:-1","max-image-preview":"max-image-preview:large","max-video-preview":"max-video-preview:-1"},"canonical":"https:\/\/griffonotes.com\/index.php\/2016\/09\/11\/le-jour-ou-le-bus-est-reparti-sans-elle\/","og_locale":"fr_FR","og_type":"article","og_title":"Le jour o\u00f9 le bus est reparti sans elle - Griffo&#039;Notes","og_description":"Il y a pr\u00e8s d&rsquo;un an, autour d&rsquo;un caf\u00e9, Marko me parlait de la Bande Dessin\u00e9e qu&rsquo;il commen\u00e7ait \u00e0 illustrer. Un projet des B\u00e9ka bien diff\u00e9rent des pr\u00e9c\u00e9dents et le sujet m&rsquo;a tout de suite conquise avec l&rsquo;envie de le lire vite vite. Le voil\u00e0 fraichement sorti et fraichement lu avec grand grand plaisir. Le [&hellip;]","og_url":"https:\/\/griffonotes.com\/index.php\/2016\/09\/11\/le-jour-ou-le-bus-est-reparti-sans-elle\/","og_site_name":"Griffo&#039;Notes","article_published_time":"2016-09-11T12:54:22+00:00","og_image":[{"width":2448,"height":3264,"url":"https:\/\/i0.wp.com\/griffonotes.com\/wp-content\/uploads\/2016\/09\/img_20160911_135732.jpg?fit=2448%2C3264&ssl=1","type":"image\/jpeg"}],"author":"Manuella","twitter_card":"summary_large_image","twitter_misc":{"\u00c9crit par":"Manuella","Dur\u00e9e de lecture estim\u00e9e":"1 minute"},"schema":{"@context":"https:\/\/schema.org","@graph":[{"@type":"WebSite","@id":"https:\/\/griffonotes.com\/#website","url":"https:\/\/griffonotes.com\/","name":"Griffo&#039;Notes","description":"D\u00e9couvrir, apprendre, enseigner et communiquer avec la pens\u00e9e visuelle","potentialAction":[{"@type":"SearchAction","target":{"@type":"EntryPoint","urlTemplate":"https:\/\/griffonotes.com\/?s={search_term_string}"},"query-input":"required name=search_term_string"}],"inLanguage":"fr-FR"},{"@type":"WebPage","@id":"https:\/\/griffonotes.com\/index.php\/2016\/09\/11\/le-jour-ou-le-bus-est-reparti-sans-elle\/","url":"https:\/\/griffonotes.com\/index.php\/2016\/09\/11\/le-jour-ou-le-bus-est-reparti-sans-elle\/","name":"Le jour o\u00f9 le bus est reparti sans elle - Griffo&#039;Notes","isPartOf":{"@id":"https:\/\/griffonotes.com\/#website"},"datePublished":"2016-09-11T12:54:22+00:00","dateModified":"2016-09-11T12:54:22+00:00","author":{"@id":"https:\/\/griffonotes.com\/#\/schema\/person\/7338c4a08ce8a6071886cfe733fcc1a3"},"breadcrumb":{"@id":"https:\/\/griffonotes.com\/index.php\/2016\/09\/11\/le-jour-ou-le-bus-est-reparti-sans-elle\/#breadcrumb"},"inLanguage":"fr-FR","potentialAction":[{"@type":"ReadAction","target":["https:\/\/griffonotes.com\/index.php\/2016\/09\/11\/le-jour-ou-le-bus-est-reparti-sans-elle\/"]}]},{"@type":"BreadcrumbList","@id":"https:\/\/griffonotes.com\/index.php\/2016\/09\/11\/le-jour-ou-le-bus-est-reparti-sans-elle\/#breadcrumb","itemListElement":[{"@type":"ListItem","position":1,"name":"Accueil","item":"https:\/\/griffonotes.com\/"},{"@type":"ListItem","position":2,"name":"Le jour o\u00f9 le bus est reparti sans elle"}]},{"@type":"Person","@id":"https:\/\/griffonotes.com\/#\/schema\/person\/7338c4a08ce8a6071886cfe733fcc1a3","name":"Manuella","image":{"@type":"ImageObject","inLanguage":"fr-FR","@id":"https:\/\/griffonotes.com\/#\/schema\/person\/image\/","url":"https:\/\/secure.gravatar.com\/avatar\/94d7748134b5b20c91a2ea2efd86ff39?s=96&d=mm&r=g","contentUrl":"https:\/\/secure.gravatar.com\/avatar\/94d7748134b5b20c91a2ea2efd86ff39?s=96&d=mm&r=g","caption":"Manuella"},"url":"https:\/\/griffonotes.com\/index.php\/author\/manuella\/"}]}},"jetpack_shortlink":"https:\/\/wp.me\/paAwWG-2q","jetpack-related-posts":[],"_links":{"self":[{"href":"https:\/\/griffonotes.com\/index.php\/wp-json\/wp\/v2\/posts\/150"}],"collection":[{"href":"https:\/\/griffonotes.com\/index.php\/wp-json\/wp\/v2\/posts"}],"about":[{"href":"https:\/\/griffonotes.com\/index.php\/wp-json\/wp\/v2\/types\/post"}],"author":[{"embeddable":true,"href":"https:\/\/griffonotes.com\/index.php\/wp-json\/wp\/v2\/users\/2"}],"replies":[{"embeddable":true,"href":"https:\/\/griffonotes.com\/index.php\/wp-json\/wp\/v2\/comments?post=150"}],"version-history":[{"count":0,"href":"https:\/\/griffonotes.com\/index.php\/wp-json\/wp\/v2\/posts\/150\/revisions"}],"wp:featuredmedia":[{"embeddable":true,"href":"https:\/\/griffonotes.com\/index.php\/wp-json\/wp\/v2\/media\/156"}],"wp:attachment":[{"href":"https:\/\/griffonotes.com\/index.php\/wp-json\/wp\/v2\/media?parent=150"}],"wp:term":[{"taxonomy":"category","embeddable":true,"href":"https:\/\/griffonotes.com\/index.php\/wp-json\/wp\/v2\/categories?post=150"},{"taxonomy":"post_tag","embeddable":true,"href":"https:\/\/griffonotes.com\/index.php\/wp-json\/wp\/v2\/tags?post=150"}],"curies":[{"name":"wp","href":"https:\/\/api.w.org\/{rel}","templated":true}]}}