{"id":1263,"date":"2021-06-06T21:22:03","date_gmt":"2021-06-06T19:22:03","guid":{"rendered":"http:\/\/griffonotes.com\/?p=1263"},"modified":"2021-06-06T21:27:32","modified_gmt":"2021-06-06T19:27:32","slug":"immersion-dans-la-peau-dun-eleve-a-besoins-particuliers","status":"publish","type":"post","link":"https:\/\/griffonotes.com\/index.php\/2021\/06\/06\/immersion-dans-la-peau-dun-eleve-a-besoins-particuliers\/","title":{"rendered":"IMMERSION DANS LA PEAU  D\u2019UN \u00c9L\u00c8VE \u00c0 BESOINS PARTICULIERS"},"content":{"rendered":"<h4 style=\"text-align: center;\"><b><i>Accompagner les \u00e9l\u00e8ves<br \/>\nen tenant compte de toutes les dimensions<\/i><\/b><\/h4>\n<p><em>\u00a0L\u2019\u00c9cole doit permettre aux \u00e9l\u00e8ves de grandir, progresser, construire autant de comp\u00e9tences qu\u2019ils le peuvent dans un climat porteur.<\/em><\/p>\n<p><em>Elle accueille des \u00e9l\u00e8ves qui ont des besoins particuliers. Comme les autres \u00e9l\u00e8ves, ils aspirent \u00e0 d\u00e9ployer pleinement leur potentiel.\u00a0<\/em><\/p>\n<p><em>L\u2019enseignant fait face \u00e0 des besoins diff\u00e9rents et \u00e0 des r\u00e9alit\u00e9s singuli\u00e8res. Il ne peut conna\u00eetre toutes les sp\u00e9cificit\u00e9s, tous les profils et les besoins qui en d\u00e9coulent. Son m\u00e9tier, c\u2019est la p\u00e9dagogie, l\u2019enseignement et pas la r\u00e9\u00e9ducation.\u00a0<\/em><\/p>\n<p><em>Cependant, il peut se mettre \u00e0 la place, faire preuve d\u2019empathie en identifiant ce que vivent ces \u00e9l\u00e8ves dont le rythme d\u2019apprentissage est diff\u00e9rent de celui des autres \u00e9l\u00e8ves de la classe, du m\u00eame \u00e2ge. Une immersion qui lui permet de ressentir v\u00e9ritablement ce qu\u2019est d\u2019avancer avec une trottinette quand les autres b\u00e9n\u00e9ficient d\u2019une voiture et certains m\u00eame d\u2019une fus\u00e9e.<\/em><br \/>\n<em>Une immersion qui permet de vivre ce d\u00e9calage<\/em>.<\/p>\n<h5 style=\"text-align: right;\"><b><i>Comment ?<\/i><\/b><\/h5>\n<p>En \u00e9tant d\u00e9butant dans un groupe de confirm\u00e9s, escalade, course \u00e0 pied, yoga\u2026 Peu importe le type d\u2019activit\u00e9. Juste \u00eatre peu exp\u00e9riment\u00e9, en (fort) d\u00e9calage avec le reste du groupe et observer ce que vous ressentez, ce qui fait obstacle, ce qui vous freine dans l\u2019apprentissage et ce qui est moteur.<\/p>\n<p>Ainsi, vous vous retrouvez dans une situation d\u2019apprentissage, en groupe, proche de ce qu\u2019il se passe en classe. Vous ne savez pas encore ou pas tr\u00e8s bien, dans un groupe qui ma\u00eetrise mieux ou beaucoup mieux, qui a d\u00e9j\u00e0 appris. Vous \u00eates donc en d\u00e9calage avec le groupe.<\/p>\n<h5 style=\"text-align: right;\"><b><i>Que se passe-t-il ?<\/i><\/b><\/h5>\n<p>Vous rencontrez des difficult\u00e9s : vous fournissez des efforts, vous essayez et ne r\u00e9ussissez pas ou peu. Vous vous retrouvez \u00ab derri\u00e8re \u00bb, le dernier au sens figur\u00e9 et, selon l\u2019activit\u00e9, au sens propre \u00e9galement. Dans le cas de la course \u00e0 pied ou du v\u00e9lo, vous serez sans doute derri\u00e8re et seul alors que vous fournirez au moins autant d\u2019effort que les autres.<\/p>\n<h5 style=\"text-align: right;\"><b><i>Que ressent-il ?<\/i><\/b><\/h5>\n<p>Malgr\u00e9 motivation et d\u00e9termination, vous risquez de conna\u00eetre des phases de d\u00e9couragements qui occasionnent de la tristesse et de la d\u00e9ception. Dans les moments de solitude, de plus fort d\u00e9calage par rapport au groupe, malgr\u00e9 les efforts, le d\u00e9crochage est fort probable.<\/p>\n<p>Comme \u00ab le compte n\u2019y est pas \u00bb, que vous restez derri\u00e8re et seul, vous ne voyez ni l\u2019effet de vos efforts, ni vos progr\u00e8s. Vous ressentez de la solitude, de l\u2019isolement et vous vous sentez comme un poids pour le groupe. La frustration engendre souvent des \u00e9motions fortes que vous ne parvenez pas toujours \u00e0 g\u00e9rer.<\/p>\n<p>Abandonner est alors fort tentant.<\/p>\n<p>Et pourtant, vous n&rsquo;\u00eates pas paresseux, vous faites de votre mieux et fournissez autant d\u2019efforts que les autres. Si ce n\u2019est plus.<\/p>\n<p>Et pourtant, vous avez choisi d\u2019\u00eatre l\u00e0, vous \u00eates adulte, c\u2019est un loisirs et vous b\u00e9n\u00e9ficiez des encouragements des membres du groupe, de leurs conseils. Les autres participants font preuve de bienveillance.<\/p>\n<h5 style=\"text-align: right;\"><b><i>Quelles sont les cl\u00e9s pour qu\u2019il raccroche ou qu\u2019il s\u2019accroche ?<\/i><\/b><\/h5>\n<p>Des <b>encouragements authentiques<\/b> du reste du groupe sont porteurs. Vigilance pour qu\u2019ils aient l\u2019effet escompt\u00e9 : l\u2019authenticit\u00e9. Un compliment disproportionn\u00e9 par rapport au r\u00e9sultat ou \u00e0 l\u2019effort fourni a l\u2019effet inverse. D\u00e9crire, pr\u00e9ciser est utile.<\/p>\n<p>Des<b> t\u00e9moignages <\/b>des d\u00e9buts d\u2019autres membres du groupe aident \u00e0 accrocher, indiquent que c\u2019est possible. Cela pr\u00e9cise que chacun est pass\u00e9 par ce chemin d\u2019apprentissage, m\u00eame si chacun le vit diff\u00e9remment.<\/p>\n<p>Indiquer les <b>strat\u00e9gies <\/b>utiles, les pratiques qui permettent de progresser est fort fructueux. Cela permet de concentrer les efforts o\u00f9 c\u2019est utile. Donner des conseils d\u2019\u00e9quipement \u00e9galement.<\/p>\n<p>Des <b>adaptations <\/b>au niveau du parcours, des difficult\u00e9s \u00e0 surmonter, de la quantit\u00e9 \u00e0 r\u00e9aliser permettent de maintenir l\u2019engagement. Des obstacles suppl\u00e9mentaires pour le reste du groupe sont aussi une solution. Contourner certains obstacles est possible \u00e9galement pour que le groupe \u00e9volue ensemble, autant que possible, chacun d\u00e9ployant ses potentialit\u00e9s.<\/p>\n<p>Ajuster et graduer les <b>objectifs<\/b>, les fixer et <b>mesurer<\/b> r\u00e9guli\u00e8rement avanc\u00e9es et difficult\u00e9s persistantes permet de savoir sur quoi se concentrer, o\u00f9 fournir les efforts. Observer les sensations, leur \u00e9volution est \u00e9galement un indicateur utile.<\/p>\n<p><img data-attachment-id=\"1264\" data-permalink=\"https:\/\/griffonotes.com\/index.php\/2021\/06\/06\/immersion-dans-la-peau-dun-eleve-a-besoins-particuliers\/freerun1\/\" data-orig-file=\"https:\/\/i2.wp.com\/griffonotes.com\/wp-content\/uploads\/2021\/06\/FreeRun1.png?fit=3508%2C2480&amp;ssl=1\" data-orig-size=\"3508,2480\" data-comments-opened=\"1\" data-image-meta=\"{&quot;aperture&quot;:&quot;0&quot;,&quot;credit&quot;:&quot;&quot;,&quot;camera&quot;:&quot;&quot;,&quot;caption&quot;:&quot;&quot;,&quot;created_timestamp&quot;:&quot;0&quot;,&quot;copyright&quot;:&quot;&quot;,&quot;focal_length&quot;:&quot;0&quot;,&quot;iso&quot;:&quot;0&quot;,&quot;shutter_speed&quot;:&quot;0&quot;,&quot;title&quot;:&quot;&quot;,&quot;orientation&quot;:&quot;0&quot;}\" data-image-title=\"FreeRun#1\" data-image-description=\"\" data-medium-file=\"https:\/\/i2.wp.com\/griffonotes.com\/wp-content\/uploads\/2021\/06\/FreeRun1.png?fit=300%2C212&amp;ssl=1\" data-large-file=\"https:\/\/i2.wp.com\/griffonotes.com\/wp-content\/uploads\/2021\/06\/FreeRun1.png?fit=616%2C436&amp;ssl=1\" loading=\"lazy\" class=\"aligncenter size-large wp-image-1264\" src=\"https:\/\/i2.wp.com\/griffonotes.com\/wp-content\/uploads\/2021\/06\/FreeRun1.png?resize=616%2C436\" alt=\"\" width=\"616\" height=\"436\" srcset=\"https:\/\/i2.wp.com\/griffonotes.com\/wp-content\/uploads\/2021\/06\/FreeRun1.png?resize=1024%2C724&amp;ssl=1 1024w, https:\/\/i2.wp.com\/griffonotes.com\/wp-content\/uploads\/2021\/06\/FreeRun1.png?resize=300%2C212&amp;ssl=1 300w, https:\/\/i2.wp.com\/griffonotes.com\/wp-content\/uploads\/2021\/06\/FreeRun1.png?resize=768%2C543&amp;ssl=1 768w, https:\/\/i2.wp.com\/griffonotes.com\/wp-content\/uploads\/2021\/06\/FreeRun1.png?resize=816%2C577&amp;ssl=1 816w, https:\/\/i2.wp.com\/griffonotes.com\/wp-content\/uploads\/2021\/06\/FreeRun1.png?w=1232 1232w, https:\/\/i2.wp.com\/griffonotes.com\/wp-content\/uploads\/2021\/06\/FreeRun1.png?w=1848 1848w\" sizes=\"(max-width: 616px) 100vw, 616px\" data-recalc-dims=\"1\" \/><\/p>\n<h5><b><i>Quel transfert pour la classe et l\u2019accompagnement <\/i><\/b><b><i><br \/>\n<\/i><\/b><b><i>des \u00e9l\u00e8ves \u00e0 besoins \u00e9ducatifs particuliers en ressort-il ?<\/i><\/b><\/h5>\n<p><b>CIBLER<\/b> les priorit\u00e9s, les objectifs en fonction des possibles et ajuster, doser pour que ce soit possible.<\/p>\n<p><b>R\u00c9DUIRE<\/b> les \u00e9carts entre l\u2019\u00e9l\u00e8ve \u00e0 besoins particuliers et le groupe en contournant, en am\u00e9nageant, adaptant les attentes et les aides.<\/p>\n<p><b>CLARIFIER<\/b> la technique pour r\u00e9ussir, l\u2019\u00e9quipement utile.<\/p>\n<p><b>PRIORIT\u00c9S<\/b> : inclusion dans le groupe, r\u00f4le effectif, authenticit\u00e9 des encouragements et compliments.<\/p>\n","protected":false},"excerpt":{"rendered":"<p>Accompagner les \u00e9l\u00e8ves en tenant compte de toutes les dimensions \u00a0L\u2019\u00c9cole doit permettre aux \u00e9l\u00e8ves de grandir, progresser, construire autant de comp\u00e9tences qu\u2019ils le peuvent dans un climat porteur. Elle accueille des \u00e9l\u00e8ves qui ont des besoins particuliers. Comme les autres \u00e9l\u00e8ves, ils aspirent \u00e0 d\u00e9ployer pleinement leur potentiel.\u00a0 L\u2019enseignant fait face \u00e0 des besoins [&hellip;]<\/p>\n","protected":false},"author":2,"featured_media":1264,"comment_status":"open","ping_status":"open","sticky":false,"template":"","format":"standard","meta":{"sharing_disabled":false,"spay_email":"","jetpack_publicize_message":""},"categories":[9,77],"tags":[],"jetpack_featured_media_url":"https:\/\/i2.wp.com\/griffonotes.com\/wp-content\/uploads\/2021\/06\/FreeRun1.png?fit=3508%2C2480&ssl=1","jetpack_publicize_connections":[],"yoast_head":"<!-- This site is optimized with the Yoast SEO plugin v19.4 - https:\/\/yoast.com\/wordpress\/plugins\/seo\/ -->\n<title>IMMERSION DANS LA PEAU D\u2019UN \u00c9L\u00c8VE \u00c0 BESOINS PARTICULIERS - Griffo&#039;Notes<\/title>\n<meta name=\"robots\" content=\"index, follow, max-snippet:-1, max-image-preview:large, max-video-preview:-1\" \/>\n<link rel=\"canonical\" href=\"https:\/\/griffonotes.com\/index.php\/2021\/06\/06\/immersion-dans-la-peau-dun-eleve-a-besoins-particuliers\/\" \/>\n<meta property=\"og:locale\" content=\"fr_FR\" \/>\n<meta property=\"og:type\" content=\"article\" \/>\n<meta property=\"og:title\" content=\"IMMERSION DANS LA PEAU D\u2019UN \u00c9L\u00c8VE \u00c0 BESOINS PARTICULIERS - Griffo&#039;Notes\" \/>\n<meta property=\"og:description\" content=\"Accompagner les \u00e9l\u00e8ves en tenant compte de toutes les dimensions \u00a0L\u2019\u00c9cole doit permettre aux \u00e9l\u00e8ves de grandir, progresser, construire autant de comp\u00e9tences qu\u2019ils le peuvent dans un climat porteur. Elle accueille des \u00e9l\u00e8ves qui ont des besoins particuliers. Comme les autres \u00e9l\u00e8ves, ils aspirent \u00e0 d\u00e9ployer pleinement leur potentiel.\u00a0 L\u2019enseignant fait face \u00e0 des besoins [&hellip;]\" \/>\n<meta property=\"og:url\" content=\"https:\/\/griffonotes.com\/index.php\/2021\/06\/06\/immersion-dans-la-peau-dun-eleve-a-besoins-particuliers\/\" \/>\n<meta property=\"og:site_name\" content=\"Griffo&#039;Notes\" \/>\n<meta property=\"article:published_time\" content=\"2021-06-06T19:22:03+00:00\" \/>\n<meta property=\"article:modified_time\" content=\"2021-06-06T19:27:32+00:00\" \/>\n<meta property=\"og:image\" content=\"https:\/\/griffonotes.com\/wp-content\/uploads\/2021\/06\/FreeRun1-1024x724.png\" \/>\n\t<meta property=\"og:image:width\" content=\"1024\" \/>\n\t<meta property=\"og:image:height\" content=\"724\" \/>\n\t<meta property=\"og:image:type\" content=\"image\/png\" \/>\n<meta name=\"author\" content=\"Manuella\" \/>\n<meta name=\"twitter:card\" content=\"summary_large_image\" \/>\n<meta name=\"twitter:label1\" content=\"\u00c9crit par\" \/>\n\t<meta name=\"twitter:data1\" content=\"Manuella\" \/>\n\t<meta name=\"twitter:label2\" content=\"Dur\u00e9e de lecture estim\u00e9e\" \/>\n\t<meta name=\"twitter:data2\" content=\"4 minutes\" \/>\n<script type=\"application\/ld+json\" class=\"yoast-schema-graph\">{\"@context\":\"https:\/\/schema.org\",\"@graph\":[{\"@type\":\"WebSite\",\"@id\":\"https:\/\/griffonotes.com\/#website\",\"url\":\"https:\/\/griffonotes.com\/\",\"name\":\"Griffo&#039;Notes\",\"description\":\"D\u00e9couvrir, apprendre, enseigner et communiquer avec la pens\u00e9e visuelle\",\"potentialAction\":[{\"@type\":\"SearchAction\",\"target\":{\"@type\":\"EntryPoint\",\"urlTemplate\":\"https:\/\/griffonotes.com\/?s={search_term_string}\"},\"query-input\":\"required name=search_term_string\"}],\"inLanguage\":\"fr-FR\"},{\"@type\":\"WebPage\",\"@id\":\"https:\/\/griffonotes.com\/index.php\/2021\/06\/06\/immersion-dans-la-peau-dun-eleve-a-besoins-particuliers\/\",\"url\":\"https:\/\/griffonotes.com\/index.php\/2021\/06\/06\/immersion-dans-la-peau-dun-eleve-a-besoins-particuliers\/\",\"name\":\"IMMERSION DANS LA PEAU D\u2019UN \u00c9L\u00c8VE \u00c0 BESOINS PARTICULIERS - Griffo&#039;Notes\",\"isPartOf\":{\"@id\":\"https:\/\/griffonotes.com\/#website\"},\"datePublished\":\"2021-06-06T19:22:03+00:00\",\"dateModified\":\"2021-06-06T19:27:32+00:00\",\"author\":{\"@id\":\"https:\/\/griffonotes.com\/#\/schema\/person\/7338c4a08ce8a6071886cfe733fcc1a3\"},\"breadcrumb\":{\"@id\":\"https:\/\/griffonotes.com\/index.php\/2021\/06\/06\/immersion-dans-la-peau-dun-eleve-a-besoins-particuliers\/#breadcrumb\"},\"inLanguage\":\"fr-FR\",\"potentialAction\":[{\"@type\":\"ReadAction\",\"target\":[\"https:\/\/griffonotes.com\/index.php\/2021\/06\/06\/immersion-dans-la-peau-dun-eleve-a-besoins-particuliers\/\"]}]},{\"@type\":\"BreadcrumbList\",\"@id\":\"https:\/\/griffonotes.com\/index.php\/2021\/06\/06\/immersion-dans-la-peau-dun-eleve-a-besoins-particuliers\/#breadcrumb\",\"itemListElement\":[{\"@type\":\"ListItem\",\"position\":1,\"name\":\"Accueil\",\"item\":\"https:\/\/griffonotes.com\/\"},{\"@type\":\"ListItem\",\"position\":2,\"name\":\"IMMERSION DANS LA PEAU D\u2019UN \u00c9L\u00c8VE \u00c0 BESOINS PARTICULIERS\"}]},{\"@type\":\"Person\",\"@id\":\"https:\/\/griffonotes.com\/#\/schema\/person\/7338c4a08ce8a6071886cfe733fcc1a3\",\"name\":\"Manuella\",\"image\":{\"@type\":\"ImageObject\",\"inLanguage\":\"fr-FR\",\"@id\":\"https:\/\/griffonotes.com\/#\/schema\/person\/image\/\",\"url\":\"https:\/\/secure.gravatar.com\/avatar\/94d7748134b5b20c91a2ea2efd86ff39?s=96&d=mm&r=g\",\"contentUrl\":\"https:\/\/secure.gravatar.com\/avatar\/94d7748134b5b20c91a2ea2efd86ff39?s=96&d=mm&r=g\",\"caption\":\"Manuella\"},\"url\":\"https:\/\/griffonotes.com\/index.php\/author\/manuella\/\"}]}<\/script>\n<!-- \/ Yoast SEO plugin. -->","yoast_head_json":{"title":"IMMERSION DANS LA PEAU D\u2019UN \u00c9L\u00c8VE \u00c0 BESOINS PARTICULIERS - Griffo&#039;Notes","robots":{"index":"index","follow":"follow","max-snippet":"max-snippet:-1","max-image-preview":"max-image-preview:large","max-video-preview":"max-video-preview:-1"},"canonical":"https:\/\/griffonotes.com\/index.php\/2021\/06\/06\/immersion-dans-la-peau-dun-eleve-a-besoins-particuliers\/","og_locale":"fr_FR","og_type":"article","og_title":"IMMERSION DANS LA PEAU D\u2019UN \u00c9L\u00c8VE \u00c0 BESOINS PARTICULIERS - Griffo&#039;Notes","og_description":"Accompagner les \u00e9l\u00e8ves en tenant compte de toutes les dimensions \u00a0L\u2019\u00c9cole doit permettre aux \u00e9l\u00e8ves de grandir, progresser, construire autant de comp\u00e9tences qu\u2019ils le peuvent dans un climat porteur. Elle accueille des \u00e9l\u00e8ves qui ont des besoins particuliers. Comme les autres \u00e9l\u00e8ves, ils aspirent \u00e0 d\u00e9ployer pleinement leur potentiel.\u00a0 L\u2019enseignant fait face \u00e0 des besoins [&hellip;]","og_url":"https:\/\/griffonotes.com\/index.php\/2021\/06\/06\/immersion-dans-la-peau-dun-eleve-a-besoins-particuliers\/","og_site_name":"Griffo&#039;Notes","article_published_time":"2021-06-06T19:22:03+00:00","article_modified_time":"2021-06-06T19:27:32+00:00","og_image":[{"width":1024,"height":724,"url":"https:\/\/griffonotes.com\/wp-content\/uploads\/2021\/06\/FreeRun1-1024x724.png","type":"image\/png"}],"author":"Manuella","twitter_card":"summary_large_image","twitter_misc":{"\u00c9crit par":"Manuella","Dur\u00e9e de lecture estim\u00e9e":"4 minutes"},"schema":{"@context":"https:\/\/schema.org","@graph":[{"@type":"WebSite","@id":"https:\/\/griffonotes.com\/#website","url":"https:\/\/griffonotes.com\/","name":"Griffo&#039;Notes","description":"D\u00e9couvrir, apprendre, enseigner et communiquer avec la pens\u00e9e visuelle","potentialAction":[{"@type":"SearchAction","target":{"@type":"EntryPoint","urlTemplate":"https:\/\/griffonotes.com\/?s={search_term_string}"},"query-input":"required name=search_term_string"}],"inLanguage":"fr-FR"},{"@type":"WebPage","@id":"https:\/\/griffonotes.com\/index.php\/2021\/06\/06\/immersion-dans-la-peau-dun-eleve-a-besoins-particuliers\/","url":"https:\/\/griffonotes.com\/index.php\/2021\/06\/06\/immersion-dans-la-peau-dun-eleve-a-besoins-particuliers\/","name":"IMMERSION DANS LA PEAU D\u2019UN \u00c9L\u00c8VE \u00c0 BESOINS PARTICULIERS - Griffo&#039;Notes","isPartOf":{"@id":"https:\/\/griffonotes.com\/#website"},"datePublished":"2021-06-06T19:22:03+00:00","dateModified":"2021-06-06T19:27:32+00:00","author":{"@id":"https:\/\/griffonotes.com\/#\/schema\/person\/7338c4a08ce8a6071886cfe733fcc1a3"},"breadcrumb":{"@id":"https:\/\/griffonotes.com\/index.php\/2021\/06\/06\/immersion-dans-la-peau-dun-eleve-a-besoins-particuliers\/#breadcrumb"},"inLanguage":"fr-FR","potentialAction":[{"@type":"ReadAction","target":["https:\/\/griffonotes.com\/index.php\/2021\/06\/06\/immersion-dans-la-peau-dun-eleve-a-besoins-particuliers\/"]}]},{"@type":"BreadcrumbList","@id":"https:\/\/griffonotes.com\/index.php\/2021\/06\/06\/immersion-dans-la-peau-dun-eleve-a-besoins-particuliers\/#breadcrumb","itemListElement":[{"@type":"ListItem","position":1,"name":"Accueil","item":"https:\/\/griffonotes.com\/"},{"@type":"ListItem","position":2,"name":"IMMERSION DANS LA PEAU D\u2019UN \u00c9L\u00c8VE \u00c0 BESOINS PARTICULIERS"}]},{"@type":"Person","@id":"https:\/\/griffonotes.com\/#\/schema\/person\/7338c4a08ce8a6071886cfe733fcc1a3","name":"Manuella","image":{"@type":"ImageObject","inLanguage":"fr-FR","@id":"https:\/\/griffonotes.com\/#\/schema\/person\/image\/","url":"https:\/\/secure.gravatar.com\/avatar\/94d7748134b5b20c91a2ea2efd86ff39?s=96&d=mm&r=g","contentUrl":"https:\/\/secure.gravatar.com\/avatar\/94d7748134b5b20c91a2ea2efd86ff39?s=96&d=mm&r=g","caption":"Manuella"},"url":"https:\/\/griffonotes.com\/index.php\/author\/manuella\/"}]}},"jetpack_shortlink":"https:\/\/wp.me\/paAwWG-kn","jetpack-related-posts":[],"_links":{"self":[{"href":"https:\/\/griffonotes.com\/index.php\/wp-json\/wp\/v2\/posts\/1263"}],"collection":[{"href":"https:\/\/griffonotes.com\/index.php\/wp-json\/wp\/v2\/posts"}],"about":[{"href":"https:\/\/griffonotes.com\/index.php\/wp-json\/wp\/v2\/types\/post"}],"author":[{"embeddable":true,"href":"https:\/\/griffonotes.com\/index.php\/wp-json\/wp\/v2\/users\/2"}],"replies":[{"embeddable":true,"href":"https:\/\/griffonotes.com\/index.php\/wp-json\/wp\/v2\/comments?post=1263"}],"version-history":[{"count":3,"href":"https:\/\/griffonotes.com\/index.php\/wp-json\/wp\/v2\/posts\/1263\/revisions"}],"predecessor-version":[{"id":1267,"href":"https:\/\/griffonotes.com\/index.php\/wp-json\/wp\/v2\/posts\/1263\/revisions\/1267"}],"wp:featuredmedia":[{"embeddable":true,"href":"https:\/\/griffonotes.com\/index.php\/wp-json\/wp\/v2\/media\/1264"}],"wp:attachment":[{"href":"https:\/\/griffonotes.com\/index.php\/wp-json\/wp\/v2\/media?parent=1263"}],"wp:term":[{"taxonomy":"category","embeddable":true,"href":"https:\/\/griffonotes.com\/index.php\/wp-json\/wp\/v2\/categories?post=1263"},{"taxonomy":"post_tag","embeddable":true,"href":"https:\/\/griffonotes.com\/index.php\/wp-json\/wp\/v2\/tags?post=1263"}],"curies":[{"name":"wp","href":"https:\/\/api.w.org\/{rel}","templated":true}]}}